{"id":614,"date":"2022-04-06T15:19:36","date_gmt":"2022-04-06T14:19:36","guid":{"rendered":"https:\/\/democontent.codex-themes.com\/sites-elementor-v5\/shop-medical-cannabis\/\/?p=614"},"modified":"2025-10-28T03:24:38","modified_gmt":"2025-10-28T03:24:38","slug":"como-elegir-el-piso-ideal-para-cada-espacio","status":"publish","type":"post","link":"https:\/\/verdeymadera.com\/en\/como-elegir-el-piso-ideal-para-cada-espacio\/","title":{"rendered":"C\u00f3mo elegir el piso ideal para cada espacio"},"content":{"rendered":"<div data-elementor-type=\"wp-post\" data-elementor-id=\"614\" class=\"elementor elementor-614\" data-elementor-post-type=\"post\">\n\t\t\t\t\t\t<section class=\"elementor-section elementor-top-section elementor-element elementor-element-2b6304c elementor-reverse-tablet elementor-reverse-mobile elementor-section-boxed elementor-section-height-default elementor-section-height-default\" data-id=\"2b6304c\" data-element_type=\"section\" data-e-type=\"section\">\r\n\t\t\t\t\t\t<div class=\"elementor-container elementor-column-gap-thegem\"><div class=\"elementor-row\">\r\n\t\t\t\t\t<div class=\"elementor-column elementor-col-50 elementor-top-column elementor-element elementor-element-db7dbdc\" data-id=\"db7dbdc\" data-element_type=\"column\" data-e-type=\"column\" data-settings=\"{&quot;background_background&quot;:&quot;classic&quot;}\">\n\t\t\t<div class=\"elementor-widget-wrap elementor-element-populated\">\n\t\t\t\t\t\t<div class=\"elementor-element elementor-element-5b41955 flex-horizontal-align-default flex-horizontal-align-tablet-default flex-horizontal-align-mobile-default flex-vertical-align-default flex-vertical-align-tablet-default flex-vertical-align-mobile-default elementor-widget elementor-widget-spacer\" data-id=\"5b41955\" data-element_type=\"widget\" data-e-type=\"widget\" data-widget_type=\"spacer.default\">\n\t\t\t\t<div class=\"elementor-widget-container\">\n\t\t\t\t\t\t\t<div class=\"elementor-spacer\">\n\t\t\t<div class=\"elementor-spacer-inner\"><\/div>\n\t\t<\/div>\n\t\t\t\t\t\t<\/div>\n\t\t\t\t<\/div>\n\t\t\t\t\t<\/div>\n\t\t<\/div>\n\t\t\t\t<div class=\"elementor-column elementor-col-50 elementor-top-column elementor-element elementor-element-f2bb96e\" data-id=\"f2bb96e\" data-element_type=\"column\" data-e-type=\"column\">\n\t\t\t<div class=\"elementor-widget-wrap elementor-element-populated\">\n\t\t\t\t\t\t<div class=\"elementor-element elementor-element-3102133 flex-horizontal-align-default flex-horizontal-align-tablet-default flex-horizontal-align-mobile-default flex-vertical-align-default flex-vertical-align-tablet-default flex-vertical-align-mobile-default elementor-widget elementor-widget-text-editor\" data-id=\"3102133\" data-element_type=\"widget\" data-e-type=\"widget\" data-widget_type=\"text-editor.default\">\n\t\t\t\t\t\t\t\t\t\t\t\t<div class=\"elementor-text-editor elementor-clearfix\">\r\n\t\t\t\t\t\t<h3>Introducci\u00f3n<\/h3><p>Elegir el piso adecuado es una de las decisiones m\u00e1s importantes en cualquier proyecto de interiorismo o reforma.<br \/>El suelo no solo influye en la est\u00e9tica del espacio, sino tambi\u00e9n en su funcionalidad, durabilidad y confort.<\/p><p>Cada ambiente tiene necesidades diferentes: no es lo mismo un sal\u00f3n que un ba\u00f1o, ni una oficina que una terraza.<br \/>Por eso, en Verde y Madera, seleccionamos pisos que combinan dise\u00f1o, resistencia y sostenibilidad, pensados para responder a los retos de cada espacio y cada profesional.<\/p>\t\t\t\t\t\t\t<\/div>\r\n\t\t\t\t\t\t\t\t\t\t<\/div>\n\t\t\t\t<div class=\"elementor-element elementor-element-fe3c8b5 flex-horizontal-align-default flex-horizontal-align-tablet-default flex-horizontal-align-mobile-default flex-vertical-align-default flex-vertical-align-tablet-default flex-vertical-align-mobile-default elementor-widget elementor-widget-text-editor\" data-id=\"fe3c8b5\" data-element_type=\"widget\" data-e-type=\"widget\" data-widget_type=\"text-editor.default\">\n\t\t\t\t\t\t\t\t\t\t\t\t<div class=\"elementor-text-editor elementor-clearfix\">\r\n\t\t\t\t\t\t1. Pisos laminados: belleza y practicidad\n\nLos pisos laminados siguen siendo una de las opciones favoritas por su equilibrio entre est\u00e9tica, durabilidad y precio.\nOfrecen una amplia gama de dise\u00f1os que imitan con realismo la madera natural, el cemento o la piedra, y cuentan con instalaci\u00f3n r\u00e1pida tipo clic, ideal para reformas sin obras.\n\nSon perfectos para viviendas, oficinas y espacios comerciales de uso medio. Adem\u00e1s, su mantenimiento es m\u00ednimo y su superficie resistente al desgaste los convierte en una alternativa pr\u00e1ctica y est\u00e9tica.\n\t\t\t\t\t\t\t<\/div>\r\n\t\t\t\t\t\t\t\t\t\t<\/div>\n\t\t\t\t\t<\/div>\n\t\t<\/div>\n\t\t\t\t\t<\/div><\/div>\r\n\t\t<\/section>\r\n\t\t\t\t<section class=\"elementor-section elementor-top-section elementor-element elementor-element-f78f323 elementor-section-boxed elementor-section-height-default elementor-section-height-default\" data-id=\"f78f323\" data-element_type=\"section\" data-e-type=\"section\">\r\n\t\t\t\t\t\t<div class=\"elementor-container elementor-column-gap-thegem\"><div class=\"elementor-row\">\r\n\t\t\t\t\t<div class=\"elementor-column elementor-col-50 elementor-top-column elementor-element elementor-element-cb9871a\" data-id=\"cb9871a\" data-element_type=\"column\" data-e-type=\"column\">\n\t\t\t<div class=\"elementor-widget-wrap elementor-element-populated\">\n\t\t\t\t\t\t<div class=\"elementor-element elementor-element-eb3cc49 flex-horizontal-align-default flex-horizontal-align-tablet-default flex-horizontal-align-mobile-default flex-vertical-align-default flex-vertical-align-tablet-default flex-vertical-align-mobile-default elementor-widget elementor-widget-thegem-quoted-text\" data-id=\"eb3cc49\" data-element_type=\"widget\" data-e-type=\"widget\" data-settings=\"{&quot;thegem_elementor_preset&quot;:&quot;style-1&quot;}\" data-widget_type=\"thegem-quoted-text.default\">\n\t\t\t\t<div class=\"elementor-widget-container\">\n\t\t\t\t\t<div class=\"gem-quote gem-quote-style-1 default-background\">\n\t<blockquote class=\"gem-text-output\">\n\ud83c\udf3f Consejo: Elige tonos naturales y acabados mate para lograr un ambiente acogedor y moderno a la vez.<\/blockquote>\n<\/div>\n\t\t\t\t<\/div>\n\t\t\t\t<\/div>\n\t\t\t\t<div class=\"elementor-element elementor-element-6cd2f8a flex-horizontal-align-default flex-horizontal-align-tablet-default flex-horizontal-align-mobile-default flex-vertical-align-default flex-vertical-align-tablet-default flex-vertical-align-mobile-default elementor-widget elementor-widget-text-editor\" data-id=\"6cd2f8a\" data-element_type=\"widget\" data-e-type=\"widget\" data-widget_type=\"text-editor.default\">\n\t\t\t\t\t\t\t\t\t\t\t\t<div class=\"elementor-text-editor elementor-clearfix\">\r\n\t\t\t\t\t\t<p><b>2. Pisos vin\u00edlicos SPC: resistencia total al agua<\/b><\/p><p>Cuando el proyecto incluye zonas h\u00famedas \u2014como cocinas, ba\u00f1os o lavander\u00edas\u2014 los pisos SPC (Stone Plastic Composite) son la elecci\u00f3n m\u00e1s inteligente.<br \/>Su estructura mineral los hace 100 % resistentes al agua, dimensionalmente estables y muy f\u00e1ciles de mantener.<\/p><p>Adem\u00e1s, su gran variedad de acabados y texturas permite mantener la coherencia visual con el resto del dise\u00f1o interior.<br \/>Los pisos SPC combinan confort, durabilidad y sostenibilidad, siendo una excelente opci\u00f3n para quienes buscan est\u00e9tica sin comprometer la resistencia.<\/p><p>\ud83d\udca1 Ideal para: espacios residenciales, locales comerciales y zonas de alto tr\u00e1nsito.<\/p>\t\t\t\t\t\t\t<\/div>\r\n\t\t\t\t\t\t\t\t\t\t<\/div>\n\t\t\t\t<div class=\"elementor-element elementor-element-345aa16 flex-horizontal-align-default flex-horizontal-align-tablet-default flex-horizontal-align-mobile-default flex-vertical-align-default flex-vertical-align-tablet-default flex-vertical-align-mobile-default elementor-widget elementor-widget-text-editor\" data-id=\"345aa16\" data-element_type=\"widget\" data-e-type=\"widget\" data-widget_type=\"text-editor.default\">\n\t\t\t\t\t\t\t\t\t\t\t\t<div class=\"elementor-text-editor elementor-clearfix\">\r\n\t\t\t\t\t\t<p><b>3. Maderas naturales: calidez y elegancia<\/b><\/p><p>Nada iguala la sensaci\u00f3n aut\u00e9ntica de la madera natural. Su belleza, textura y capacidad para envejecer con car\u00e1cter la convierten en la elecci\u00f3n perfecta para proyectos de alto nivel est\u00e9tico.<\/p><p>Disponible en m\u00faltiples tonalidades, grosores y formatos, aporta calidez, sofisticaci\u00f3n y valor atemporal a cualquier ambiente.<br \/>Eso s\u00ed, requiere ciertos cuidados y un entorno controlado en humedad y temperatura para conservar su belleza durante a\u00f1os.<\/p><p>\u2728 Consejo profesional: \u00dasala en zonas de estar o dormitorios donde quieras crear un ambiente c\u00e1lido y elegante.<\/p>\t\t\t\t\t\t\t<\/div>\r\n\t\t\t\t\t\t\t\t\t\t<\/div>\n\t\t\t\t\t<\/div>\n\t\t<\/div>\n\t\t\t\t<div class=\"elementor-column elementor-col-50 elementor-top-column elementor-element elementor-element-84f7ceb\" data-id=\"84f7ceb\" data-element_type=\"column\" data-e-type=\"column\" data-settings=\"{&quot;background_background&quot;:&quot;classic&quot;}\">\n\t\t\t<div class=\"elementor-widget-wrap elementor-element-populated\">\n\t\t\t\t\t\t<div class=\"elementor-element elementor-element-470e7de flex-horizontal-align-default flex-horizontal-align-tablet-default flex-horizontal-align-mobile-default flex-vertical-align-default flex-vertical-align-tablet-default flex-vertical-align-mobile-default elementor-widget elementor-widget-spacer\" data-id=\"470e7de\" data-element_type=\"widget\" data-e-type=\"widget\" data-widget_type=\"spacer.default\">\n\t\t\t\t<div class=\"elementor-widget-container\">\n\t\t\t\t\t\t\t<div class=\"elementor-spacer\">\n\t\t\t<div class=\"elementor-spacer-inner\"><\/div>\n\t\t<\/div>\n\t\t\t\t\t\t<\/div>\n\t\t\t\t<\/div>\n\t\t\t\t\t<\/div>\n\t\t<\/div>\n\t\t\t\t\t<\/div><\/div>\r\n\t\t<\/section>\r\n\t\t\t\t<section class=\"elementor-section elementor-top-section elementor-element elementor-element-d72e824 elementor-section-boxed elementor-section-height-default elementor-section-height-default\" data-id=\"d72e824\" data-element_type=\"section\" data-e-type=\"section\">\r\n\t\t\t\t\t\t<div class=\"elementor-container elementor-column-gap-thegem\"><div class=\"elementor-row\">\r\n\t\t\t\t\t<div class=\"elementor-column elementor-col-100 elementor-top-column elementor-element elementor-element-d2c4e36\" data-id=\"d2c4e36\" data-element_type=\"column\" data-e-type=\"column\">\n\t\t\t<div class=\"elementor-widget-wrap elementor-element-populated\">\n\t\t\t\t\t\t<div class=\"elementor-element elementor-element-68120bf flex-horizontal-align-default flex-horizontal-align-tablet-default flex-horizontal-align-mobile-default flex-vertical-align-default flex-vertical-align-tablet-default flex-vertical-align-mobile-default elementor-widget elementor-widget-text-editor\" data-id=\"68120bf\" data-element_type=\"widget\" data-e-type=\"widget\" data-widget_type=\"text-editor.default\">\n\t\t\t\t\t\t\t\t\t\t\t\t<div class=\"elementor-text-editor elementor-clearfix\">\r\n\t\t\t\t\t\t<p><b>4. Pisos para exteriores: durabilidad al aire libre<\/b><\/p><p>En terrazas, jardines o zonas de piscina, los materiales deben soportar sol, humedad y cambios de temperatura.<br \/>Las tarimas tecnol\u00f3gicas o de madera natural tratada ofrecen gran durabilidad, resistencia al deslizamiento y est\u00e9tica natural.<\/p><p>Las nuevas tecnolog\u00edas, como las tarimas de madera tecnol\u00f3gica natural, permiten disfrutar de la belleza de la madera con una mayor resistencia a la intemperie y m\u00ednimo mantenimiento.<\/p><p>\ud83e\udeb5 Ideal para: terrazas, \u00e1reas de piscina y espacios exteriores de hoteles o viviendas.<\/p>\t\t\t\t\t\t\t<\/div>\r\n\t\t\t\t\t\t\t\t\t\t<\/div>\n\t\t\t\t<div class=\"elementor-element elementor-element-c32e538 flex-horizontal-align-default flex-horizontal-align-tablet-default flex-horizontal-align-mobile-default flex-vertical-align-default flex-vertical-align-tablet-default flex-vertical-align-mobile-default elementor-widget elementor-widget-thegem-gallery-grid\" data-id=\"c32e538\" data-element_type=\"widget\" data-e-type=\"widget\" data-settings=\"{&quot;container_margin&quot;:{&quot;unit&quot;:&quot;px&quot;,&quot;size&quot;:42,&quot;sizes&quot;:[]},&quot;columns_desktop&quot;:&quot;4x&quot;,&quot;thegem_elementor_preset&quot;:&quot;default&quot;,&quot;columns_tablet&quot;:&quot;2x&quot;,&quot;columns_mobile&quot;:&quot;1x&quot;,&quot;image_ratio_default&quot;:{&quot;unit&quot;:&quot;px&quot;,&quot;size&quot;:&quot;&quot;,&quot;sizes&quot;:[]},&quot;title_show&quot;:&quot;yes&quot;,&quot;description_show&quot;:&quot;yes&quot;,&quot;icon_show&quot;:&quot;yes&quot;,&quot;ajax_preloader_type&quot;:&quot;default&quot;,&quot;container_margin_tablet&quot;:{&quot;unit&quot;:&quot;px&quot;,&quot;size&quot;:&quot;&quot;,&quot;sizes&quot;:[]},&quot;container_margin_mobile&quot;:{&quot;unit&quot;:&quot;px&quot;,&quot;size&quot;:&quot;&quot;,&quot;sizes&quot;:[]}}\" data-widget_type=\"thegem-gallery-grid.default\">\n\t\t\t\t<div class=\"elementor-widget-container\">\n\t\t\t\t\t<div class=\"preloader save-space\"><div class=\"preloader-spin\"><\/div><\/div> <div class=\"gallery-preloader-wrapper\"> <div class=\"row\"> <div class=\"gem-gallery-grid gallery-style-justified hover-default gaps-margin columns-4 columns-tablet-2 columns-mobile-1 loading-animation item-animation-move-up\" data-uid=\"c32e538\" data-hover=\"default\" data-filter=\"[]\"> <div class=\"portfolio not-fullwidth-block\"> <ul class=\"gallery-set clearfix\" data-max-row-height=\"\"> <li class=\"gallery-item gallery-0 col-xs-12 col-sm-6 col-md-3 item-animations-not-inited single-icon post-614 post type-post status-publish format-standard has-post-thumbnail category-tendencias\" style=\"padding: calc(42px\/2); \"> <div class=\"wrap gem-wrapbox gem-wrapbox-style-default\"> <div class=\"overlay-wrap\"> <div class=\"image-wrap\"> <picture> <source srcset=\"https:\/\/verdeymadera.com\/wp-content\/uploads\/2022\/04\/9-4-thegem-product-justified-square-s.jpg 1x\" sizes=\"100vw\"> <img src=\"https:\/\/verdeymadera.com\/wp-content\/uploads\/2022\/04\/9-4-thegem-product-justified-square-s.jpg\" width=\"300\" height=\"300\" class=\"attachment-thegem-product-justified-square-s\" alt=\"9\" \/> <\/picture> <\/div> <div class=\"overlay\"> <div class=\"overlay-circle\"><\/div> <a href=\"https:\/\/verdeymadera.com\/wp-content\/uploads\/2022\/04\/9-4.jpg\" class=\"gallery-item-link fancy-gallery\" data-fancybox=\"gallery-69f3af0405272\" data-elementor-open-lightbox=\"no\" aria-label=\"Fullsize Image: 9\"> <span class=\"slide-info\"> <\/span> <\/a> <div class=\"overlay-content\"> <div class=\"overlay-content-center\"> <div class=\"overlay-content-inner\"> <a href=\"https:\/\/verdeymadera.com\/wp-content\/uploads\/2022\/04\/9-4.jpg\" class=\"icon photo\" aria-label=\"Fullsize Image: 9\"> <i class=\"default\"><\/i> <\/a> <\/div> <\/div> <\/div> <\/div> <\/div> <\/div> <\/li> <li class=\"gallery-item gallery-0 col-xs-12 col-sm-6 col-md-3 item-animations-not-inited single-icon post-614 post type-post status-publish format-standard has-post-thumbnail category-tendencias\" style=\"padding: calc(42px\/2); \"> <div class=\"wrap gem-wrapbox gem-wrapbox-style-default\"> <div class=\"overlay-wrap\"> <div class=\"image-wrap\"> <picture> <source srcset=\"https:\/\/verdeymadera.com\/wp-content\/uploads\/2022\/04\/8-4-thegem-product-justified-square-s.jpg 1x\" sizes=\"100vw\"> <img src=\"https:\/\/verdeymadera.com\/wp-content\/uploads\/2022\/04\/8-4-thegem-product-justified-square-s.jpg\" width=\"300\" height=\"300\" class=\"attachment-thegem-product-justified-square-s\" alt=\"8\" \/> <\/picture> <\/div> <div class=\"overlay\"> <div class=\"overlay-circle\"><\/div> <a href=\"https:\/\/verdeymadera.com\/wp-content\/uploads\/2022\/04\/8-4.jpg\" class=\"gallery-item-link fancy-gallery\" data-fancybox=\"gallery-69f3af0405272\" data-elementor-open-lightbox=\"no\" aria-label=\"Fullsize Image: 8\"> <span class=\"slide-info\"> <\/span> <\/a> <div class=\"overlay-content\"> <div class=\"overlay-content-center\"> <div class=\"overlay-content-inner\"> <a href=\"https:\/\/verdeymadera.com\/wp-content\/uploads\/2022\/04\/8-4.jpg\" class=\"icon photo\" aria-label=\"Fullsize Image: 8\"> <i class=\"default\"><\/i> <\/a> <\/div> <\/div> <\/div> <\/div> <\/div> <\/div> <\/li> <li class=\"gallery-item gallery-0 col-xs-12 col-sm-6 col-md-3 item-animations-not-inited single-icon post-614 post type-post status-publish format-standard has-post-thumbnail category-tendencias\" style=\"padding: calc(42px\/2); \"> <div class=\"wrap gem-wrapbox gem-wrapbox-style-default\"> <div class=\"overlay-wrap\"> <div class=\"image-wrap\"> <picture> <source srcset=\"https:\/\/verdeymadera.com\/wp-content\/uploads\/2025\/10\/laminado-1-thegem-product-justified-square-s.png 1x\" sizes=\"100vw\"> <img src=\"https:\/\/verdeymadera.com\/wp-content\/uploads\/2025\/10\/laminado-1-thegem-product-justified-square-s.png\" width=\"300\" height=\"300\" class=\"attachment-thegem-product-justified-square-s\" alt=\"laminado-1\" \/> <\/picture> <\/div> <div class=\"overlay\"> <div class=\"overlay-circle\"><\/div> <a href=\"https:\/\/verdeymadera.com\/wp-content\/uploads\/2025\/10\/laminado-1.png\" class=\"gallery-item-link fancy-gallery\" data-fancybox=\"gallery-69f3af0405272\" data-elementor-open-lightbox=\"no\" aria-label=\"Fullsize Image: laminado-1\"> <span class=\"slide-info\"> <\/span> <\/a> <div class=\"overlay-content\"> <div class=\"overlay-content-center\"> <div class=\"overlay-content-inner\"> <a href=\"https:\/\/verdeymadera.com\/wp-content\/uploads\/2025\/10\/laminado-1.png\" class=\"icon photo\" aria-label=\"Fullsize Image: laminado-1\"> <i class=\"default\"><\/i> <\/a> <\/div> <\/div> <\/div> <\/div> <\/div> <\/div> <\/li> <li class=\"gallery-item gallery-0 col-xs-12 col-sm-6 col-md-3 item-animations-not-inited single-icon post-614 post type-post status-publish format-standard has-post-thumbnail category-tendencias\" style=\"padding: calc(42px\/2); \"> <div class=\"wrap gem-wrapbox gem-wrapbox-style-default\"> <div class=\"overlay-wrap\"> <div class=\"image-wrap\"> <picture> <source srcset=\"https:\/\/verdeymadera.com\/wp-content\/uploads\/2025\/09\/banner-02-thegem-product-justified-square-s.webp 1x\" sizes=\"100vw\"> <img src=\"https:\/\/verdeymadera.com\/wp-content\/uploads\/2025\/09\/banner-02-thegem-product-justified-square-s.webp\" width=\"300\" height=\"300\" class=\"attachment-thegem-product-justified-square-s\" alt=\"banner-02\" \/> <\/picture> <\/div> <div class=\"overlay\"> <div class=\"overlay-circle\"><\/div> <a href=\"https:\/\/verdeymadera.com\/wp-content\/uploads\/2025\/09\/banner-02.webp\" class=\"gallery-item-link fancy-gallery\" data-fancybox=\"gallery-69f3af0405272\" data-elementor-open-lightbox=\"no\" aria-label=\"Fullsize Image: banner-02\"> <span class=\"slide-info\"> <\/span> <\/a> <div class=\"overlay-content\"> <div class=\"overlay-content-center\"> <div class=\"overlay-content-inner\"> <a href=\"https:\/\/verdeymadera.com\/wp-content\/uploads\/2025\/09\/banner-02.webp\" class=\"icon photo\" aria-label=\"Fullsize Image: banner-02\"> <i class=\"default\"><\/i> <\/a> <\/div> <\/div> <\/div> <\/div> <\/div> <\/div> <\/li> <\/ul> <div class=\"portfolio-item-size-container\"> <li class=\"gallery-item size-item col-xs-12 col-sm-6 col-md-3 post-614 post type-post status-publish format-standard has-post-thumbnail category-tendencias\" style=\"padding: calc(42px\/2); \"> <\/li> <\/div> <\/div> <\/div> <\/div> <\/div>\t\t\t\t<\/div>\n\t\t\t\t<\/div>\n\t\t\t\t<div class=\"elementor-element elementor-element-068800d flex-horizontal-align-default flex-horizontal-align-tablet-default flex-horizontal-align-mobile-default flex-vertical-align-default flex-vertical-align-tablet-default flex-vertical-align-mobile-default elementor-widget elementor-widget-text-editor\" data-id=\"068800d\" data-element_type=\"widget\" data-e-type=\"widget\" data-widget_type=\"text-editor.default\">\n\t\t\t\t\t\t\t\t\t\t\t\t<div class=\"elementor-text-editor elementor-clearfix\">\r\n\t\t\t\t\t\t<p><b>5. Otros materiales y complementos<\/b><\/p><p>Un buen piso no act\u00faa solo: se complementa con adhesivos, espumas, rodapi\u00e9s y pletinas que garantizan una instalaci\u00f3n profesional y duradera.<br \/>En Verde y Madera ofrecemos una gama completa de productos t\u00e9cnicos y decorativos para que cada proyecto quede perfectamente terminado, cuidando cada detalle.<\/p><p><b>Conclusi\u00f3n<\/b><\/p><p>Elegir el piso ideal implica analizar uso, estilo y mantenimiento.<br \/>No existe un \u00fanico material perfecto, sino el m\u00e1s adecuado para cada tipo de espacio.<\/p><p>En Verde y Madera, acompa\u00f1amos a los profesionales del sector con asesoramiento t\u00e9cnico y est\u00e9tico, ayud\u00e1ndoles a encontrar soluciones que combinen dise\u00f1o, calidad y sostenibilidad.<\/p><p><b>\u00bfBuscas el piso perfecto para tu pr\u00f3ximo proyecto?<br \/><\/b> \ud83d\udccd Visita nuestro showroom en Barcelona o cont\u00e1ctanos para recibir asesoramiento personalizado.<\/p>\t\t\t\t\t\t\t<\/div>\r\n\t\t\t\t\t\t\t\t\t\t<\/div>\n\t\t\t\t\t<\/div>\n\t\t<\/div>\n\t\t\t\t\t<\/div><\/div>\r\n\t\t<\/section>\r\n\t\t\t\t<\/div>","protected":false},"excerpt":{"rendered":"<p>Descubre c\u00f3mo elegir el piso ideal seg\u00fan el tipo de espacio, uso y estilo. Gu\u00eda pr\u00e1ctica para profesionales del interiorismo y la construcci\u00f3n.<\/p>","protected":false},"author":1,"featured_media":2012,"comment_status":"closed","ping_status":"closed","sticky":false,"template":"","format":"standard","meta":{"_acf_changed":false,"footnotes":""},"categories":[16],"tags":[],"class_list":{"0":"post-614","1":"post","2":"type-post","3":"status-publish","4":"format-standard","5":"has-post-thumbnail","7":"category-tendencias"},"acf":[],"menu_order":0,"_links":{"self":[{"href":"https:\/\/verdeymadera.com\/en\/wp-json\/wp\/v2\/posts\/614","targetHints":{"allow":["GET"]}}],"collection":[{"href":"https:\/\/verdeymadera.com\/en\/wp-json\/wp\/v2\/posts"}],"about":[{"href":"https:\/\/verdeymadera.com\/en\/wp-json\/wp\/v2\/types\/post"}],"author":[{"embeddable":true,"href":"https:\/\/verdeymadera.com\/en\/wp-json\/wp\/v2\/users\/1"}],"replies":[{"embeddable":true,"href":"https:\/\/verdeymadera.com\/en\/wp-json\/wp\/v2\/comments?post=614"}],"version-history":[{"count":4,"href":"https:\/\/verdeymadera.com\/en\/wp-json\/wp\/v2\/posts\/614\/revisions"}],"predecessor-version":[{"id":2020,"href":"https:\/\/verdeymadera.com\/en\/wp-json\/wp\/v2\/posts\/614\/revisions\/2020"}],"wp:featuredmedia":[{"embeddable":true,"href":"https:\/\/verdeymadera.com\/en\/wp-json\/wp\/v2\/media\/2012"}],"wp:attachment":[{"href":"https:\/\/verdeymadera.com\/en\/wp-json\/wp\/v2\/media?parent=614"}],"wp:term":[{"taxonomy":"category","embeddable":true,"href":"https:\/\/verdeymadera.com\/en\/wp-json\/wp\/v2\/categories?post=614"},{"taxonomy":"post_tag","embeddable":true,"href":"https:\/\/verdeymadera.com\/en\/wp-json\/wp\/v2\/tags?post=614"}],"curies":[{"name":"wp","href":"https:\/\/api.w.org\/{rel}","templated":true}]}}